{"id":577,"date":"2022-10-02T16:55:14","date_gmt":"2022-10-02T14:55:14","guid":{"rendered":"https:\/\/lejardinexotique.fr\/?p=577"},"modified":"2022-10-02T16:55:15","modified_gmt":"2022-10-02T14:55:15","slug":"lautomne-arrive","status":"publish","type":"post","link":"https:\/\/lejardinexotique.fr\/index.php\/2022\/10\/02\/lautomne-arrive\/","title":{"rendered":"L&rsquo;automne  arrive"},"content":{"rendered":"\n<div class=\"wp-block-columns is-layout-flex wp-container-core-columns-is-layout-9d6595d7 wp-block-columns-is-layout-flex\">\n<div class=\"wp-block-column is-layout-flow wp-block-column-is-layout-flow\">\n<figure class=\"wp-block-gallery has-nested-images columns-default is-cropped wp-block-gallery-1 is-layout-flex wp-block-gallery-is-layout-flex\">\n<figure class=\"wp-block-image size-large\"><img loading=\"lazy\" decoding=\"async\" width=\"450\" height=\"600\" data-id=\"578\" src=\"https:\/\/lejardinexotique.fr\/wp-content\/uploads\/2022\/10\/309143470_6086181578060028_7472532993927714817_n.jpg\" alt=\"\" class=\"wp-image-578\" srcset=\"https:\/\/lejardinexotique.fr\/wp-content\/uploads\/2022\/10\/309143470_6086181578060028_7472532993927714817_n.jpg 450w, https:\/\/lejardinexotique.fr\/wp-content\/uploads\/2022\/10\/309143470_6086181578060028_7472532993927714817_n-225x300.jpg 225w\" sizes=\"auto, (max-width: 450px) 100vw, 450px\" \/><\/figure>\n\n\n\n<figure class=\"wp-block-image size-large\"><img loading=\"lazy\" decoding=\"async\" width=\"450\" height=\"600\" data-id=\"579\" src=\"https:\/\/lejardinexotique.fr\/wp-content\/uploads\/2022\/10\/309671803_6086181174726735_5317226969032099134_n.jpg\" alt=\"\" class=\"wp-image-579\" srcset=\"https:\/\/lejardinexotique.fr\/wp-content\/uploads\/2022\/10\/309671803_6086181174726735_5317226969032099134_n.jpg 450w, https:\/\/lejardinexotique.fr\/wp-content\/uploads\/2022\/10\/309671803_6086181174726735_5317226969032099134_n-225x300.jpg 225w\" sizes=\"auto, (max-width: 450px) 100vw, 450px\" \/><\/figure>\n\n\n\n<figure class=\"wp-block-image size-large\"><img loading=\"lazy\" decoding=\"async\" width=\"450\" height=\"600\" data-id=\"581\" src=\"https:\/\/lejardinexotique.fr\/wp-content\/uploads\/2022\/10\/309717475_6086181418060044_8014863599893968820_n.jpg\" alt=\"\" class=\"wp-image-581\" srcset=\"https:\/\/lejardinexotique.fr\/wp-content\/uploads\/2022\/10\/309717475_6086181418060044_8014863599893968820_n.jpg 450w, https:\/\/lejardinexotique.fr\/wp-content\/uploads\/2022\/10\/309717475_6086181418060044_8014863599893968820_n-225x300.jpg 225w\" sizes=\"auto, (max-width: 450px) 100vw, 450px\" \/><\/figure>\n\n\n\n<figure class=\"wp-block-image size-large\"><img loading=\"lazy\" decoding=\"async\" width=\"450\" height=\"600\" data-id=\"580\" src=\"https:\/\/lejardinexotique.fr\/wp-content\/uploads\/2022\/10\/310299997_6086180824726770_2833159696710192689_n.jpg\" alt=\"\" class=\"wp-image-580\" srcset=\"https:\/\/lejardinexotique.fr\/wp-content\/uploads\/2022\/10\/310299997_6086180824726770_2833159696710192689_n.jpg 450w, https:\/\/lejardinexotique.fr\/wp-content\/uploads\/2022\/10\/310299997_6086180824726770_2833159696710192689_n-225x300.jpg 225w\" sizes=\"auto, (max-width: 450px) 100vw, 450px\" \/><\/figure>\n\n\n\n<figure class=\"wp-block-image size-large\"><img loading=\"lazy\" decoding=\"async\" width=\"450\" height=\"600\" data-id=\"582\" src=\"https:\/\/lejardinexotique.fr\/wp-content\/uploads\/2022\/10\/310364068_6086180928060093_587631469833024304_n.jpg\" alt=\"\" class=\"wp-image-582\" srcset=\"https:\/\/lejardinexotique.fr\/wp-content\/uploads\/2022\/10\/310364068_6086180928060093_587631469833024304_n.jpg 450w, https:\/\/lejardinexotique.fr\/wp-content\/uploads\/2022\/10\/310364068_6086180928060093_587631469833024304_n-225x300.jpg 225w\" sizes=\"auto, (max-width: 450px) 100vw, 450px\" \/><\/figure>\n<\/figure>\n<\/div>\n\n\n\n<div class=\"wp-block-column is-layout-flow wp-block-column-is-layout-flow\">\n<p>L&rsquo;\u00e9t\u00e9  2022 restera  marqu\u00e9  par  une chaleur  hors  norme  tant  dans  la dur\u00e9e que  dans l&rsquo;intensit\u00e9. Nous avions  r\u00e9parer  la citerne  d&rsquo;eau  au printemps  et  nos  efforts  ont  \u00e9t\u00e9  largement  r\u00e9compens\u00e9s . Les  88 m3 d&rsquo;eau de  pluie ont \u00e9t\u00e9 tres  utiles pour permettent  \u00e0  nos  plantes de passer  cette  \u00e9tape.  Et  l&rsquo;humidit\u00e9  et la  chaleur  aura  notamment  permis  le d\u00e9veloppement des  palmiers  braeha  et bucia  capitata.<\/p>\n\n\n\n<p>L&rsquo;heure  de  l&rsquo;hiver  approche  doucement  ,  il est  tent  de commenc\u00e9 a proteger  nos  plantes  les plus fragiles  .<\/p>\n<\/div>\n<\/div>\n","protected":false},"excerpt":{"rendered":"<p>L&rsquo;\u00e9t\u00e9 2022 restera marqu\u00e9 par une chaleur hors norme tant dans la dur\u00e9e que dans l&rsquo;intensit\u00e9. Nous avions r\u00e9parer la citerne d&rsquo;eau au printemps et nos efforts ont \u00e9t\u00e9 largement r\u00e9compens\u00e9s . Les 88 m3 d&rsquo;eau de pluie ont \u00e9t\u00e9 tres utiles pour permettent \u00e0 nos plantes de passer cette \u00e9tape. Et l&rsquo;humidit\u00e9 et la [&hellip;]<\/p>\n","protected":false},"author":1,"featured_media":0,"comment_status":"open","ping_status":"open","sticky":false,"template":"","format":"standard","meta":{"_monsterinsights_skip_tracking":false,"_monsterinsights_sitenote_active":false,"_monsterinsights_sitenote_note":"","_monsterinsights_sitenote_category":0,"footnotes":""},"categories":[1],"tags":[],"class_list":["post-577","post","type-post","status-publish","format-standard","hentry","category-non-classe"],"yoast_head":"<!-- This site is optimized with the Yoast SEO plugin v27.5 - https:\/\/yoast.com\/product\/yoast-seo-wordpress\/ -->\n<title>L&#039;automne arrive - Le jardin exotique<\/title>\n<meta name=\"robots\" content=\"index, follow, max-snippet:-1, max-image-preview:large, max-video-preview:-1\" \/>\n<link rel=\"canonical\" href=\"https:\/\/lejardinexotique.fr\/index.php\/2022\/10\/02\/lautomne-arrive\/\" \/>\n<meta property=\"og:locale\" content=\"fr_FR\" \/>\n<meta property=\"og:type\" content=\"article\" \/>\n<meta property=\"og:title\" content=\"L&#039;automne arrive - Le jardin exotique\" \/>\n<meta property=\"og:description\" content=\"L&rsquo;\u00e9t\u00e9 2022 restera marqu\u00e9 par une chaleur hors norme tant dans la dur\u00e9e que dans l&rsquo;intensit\u00e9. Nous avions r\u00e9parer la citerne d&rsquo;eau au printemps et nos efforts ont \u00e9t\u00e9 largement r\u00e9compens\u00e9s . Les 88 m3 d&rsquo;eau de pluie ont \u00e9t\u00e9 tres utiles pour permettent \u00e0 nos plantes de passer cette \u00e9tape. Et l&rsquo;humidit\u00e9 et la [&hellip;]\" \/>\n<meta property=\"og:url\" content=\"https:\/\/lejardinexotique.fr\/index.php\/2022\/10\/02\/lautomne-arrive\/\" \/>\n<meta property=\"og:site_name\" content=\"Le jardin exotique\" \/>\n<meta property=\"article:publisher\" content=\"https:\/\/www.facebook.com\/eric.just.5\" \/>\n<meta property=\"article:published_time\" content=\"2022-10-02T14:55:14+00:00\" \/>\n<meta property=\"article:modified_time\" content=\"2022-10-02T14:55:15+00:00\" \/>\n<meta property=\"og:image\" content=\"https:\/\/lejardinexotique.fr\/wp-content\/uploads\/2022\/10\/309143470_6086181578060028_7472532993927714817_n.jpg\" \/>\n<meta name=\"author\" content=\"bonnet.christiane38\" \/>\n<meta name=\"twitter:card\" content=\"summary_large_image\" \/>\n<meta name=\"twitter:label1\" content=\"\u00c9crit par\" \/>\n\t<meta name=\"twitter:data1\" content=\"bonnet.christiane38\" \/>\n<script type=\"application\/ld+json\" class=\"yoast-schema-graph\">{\"@context\":\"https:\\\/\\\/schema.org\",\"@graph\":[{\"@type\":\"Article\",\"@id\":\"https:\\\/\\\/lejardinexotique.fr\\\/index.php\\\/2022\\\/10\\\/02\\\/lautomne-arrive\\\/#article\",\"isPartOf\":{\"@id\":\"https:\\\/\\\/lejardinexotique.fr\\\/index.php\\\/2022\\\/10\\\/02\\\/lautomne-arrive\\\/\"},\"author\":{\"name\":\"bonnet.christiane38\",\"@id\":\"https:\\\/\\\/lejardinexotique.fr\\\/#\\\/schema\\\/person\\\/b5e8b164e53553d3c07e148b7fd20f64\"},\"headline\":\"L&rsquo;automne arrive\",\"datePublished\":\"2022-10-02T14:55:14+00:00\",\"dateModified\":\"2022-10-02T14:55:15+00:00\",\"mainEntityOfPage\":{\"@id\":\"https:\\\/\\\/lejardinexotique.fr\\\/index.php\\\/2022\\\/10\\\/02\\\/lautomne-arrive\\\/\"},\"wordCount\":95,\"commentCount\":0,\"publisher\":{\"@id\":\"https:\\\/\\\/lejardinexotique.fr\\\/#organization\"},\"image\":{\"@id\":\"https:\\\/\\\/lejardinexotique.fr\\\/index.php\\\/2022\\\/10\\\/02\\\/lautomne-arrive\\\/#primaryimage\"},\"thumbnailUrl\":\"https:\\\/\\\/lejardinexotique.fr\\\/wp-content\\\/uploads\\\/2022\\\/10\\\/309143470_6086181578060028_7472532993927714817_n.jpg\",\"inLanguage\":\"fr-FR\",\"potentialAction\":[{\"@type\":\"CommentAction\",\"name\":\"Comment\",\"target\":[\"https:\\\/\\\/lejardinexotique.fr\\\/index.php\\\/2022\\\/10\\\/02\\\/lautomne-arrive\\\/#respond\"]}]},{\"@type\":\"WebPage\",\"@id\":\"https:\\\/\\\/lejardinexotique.fr\\\/index.php\\\/2022\\\/10\\\/02\\\/lautomne-arrive\\\/\",\"url\":\"https:\\\/\\\/lejardinexotique.fr\\\/index.php\\\/2022\\\/10\\\/02\\\/lautomne-arrive\\\/\",\"name\":\"L'automne arrive - Le jardin exotique\",\"isPartOf\":{\"@id\":\"https:\\\/\\\/lejardinexotique.fr\\\/#website\"},\"primaryImageOfPage\":{\"@id\":\"https:\\\/\\\/lejardinexotique.fr\\\/index.php\\\/2022\\\/10\\\/02\\\/lautomne-arrive\\\/#primaryimage\"},\"image\":{\"@id\":\"https:\\\/\\\/lejardinexotique.fr\\\/index.php\\\/2022\\\/10\\\/02\\\/lautomne-arrive\\\/#primaryimage\"},\"thumbnailUrl\":\"https:\\\/\\\/lejardinexotique.fr\\\/wp-content\\\/uploads\\\/2022\\\/10\\\/309143470_6086181578060028_7472532993927714817_n.jpg\",\"datePublished\":\"2022-10-02T14:55:14+00:00\",\"dateModified\":\"2022-10-02T14:55:15+00:00\",\"breadcrumb\":{\"@id\":\"https:\\\/\\\/lejardinexotique.fr\\\/index.php\\\/2022\\\/10\\\/02\\\/lautomne-arrive\\\/#breadcrumb\"},\"inLanguage\":\"fr-FR\",\"potentialAction\":[{\"@type\":\"ReadAction\",\"target\":[\"https:\\\/\\\/lejardinexotique.fr\\\/index.php\\\/2022\\\/10\\\/02\\\/lautomne-arrive\\\/\"]}]},{\"@type\":\"ImageObject\",\"inLanguage\":\"fr-FR\",\"@id\":\"https:\\\/\\\/lejardinexotique.fr\\\/index.php\\\/2022\\\/10\\\/02\\\/lautomne-arrive\\\/#primaryimage\",\"url\":\"https:\\\/\\\/lejardinexotique.fr\\\/wp-content\\\/uploads\\\/2022\\\/10\\\/309143470_6086181578060028_7472532993927714817_n.jpg\",\"contentUrl\":\"https:\\\/\\\/lejardinexotique.fr\\\/wp-content\\\/uploads\\\/2022\\\/10\\\/309143470_6086181578060028_7472532993927714817_n.jpg\",\"width\":450,\"height\":600},{\"@type\":\"BreadcrumbList\",\"@id\":\"https:\\\/\\\/lejardinexotique.fr\\\/index.php\\\/2022\\\/10\\\/02\\\/lautomne-arrive\\\/#breadcrumb\",\"itemListElement\":[{\"@type\":\"ListItem\",\"position\":1,\"name\":\"Accueil\",\"item\":\"https:\\\/\\\/lejardinexotique.fr\\\/\"},{\"@type\":\"ListItem\",\"position\":2,\"name\":\"L&rsquo;automne arrive\"}]},{\"@type\":\"WebSite\",\"@id\":\"https:\\\/\\\/lejardinexotique.fr\\\/#website\",\"url\":\"https:\\\/\\\/lejardinexotique.fr\\\/\",\"name\":\"Le jardin exotique\",\"description\":\"Le jardin du Sud Gresivaudan\",\"publisher\":{\"@id\":\"https:\\\/\\\/lejardinexotique.fr\\\/#organization\"},\"potentialAction\":[{\"@type\":\"SearchAction\",\"target\":{\"@type\":\"EntryPoint\",\"urlTemplate\":\"https:\\\/\\\/lejardinexotique.fr\\\/?s={search_term_string}\"},\"query-input\":{\"@type\":\"PropertyValueSpecification\",\"valueRequired\":true,\"valueName\":\"search_term_string\"}}],\"inLanguage\":\"fr-FR\"},{\"@type\":\"Organization\",\"@id\":\"https:\\\/\\\/lejardinexotique.fr\\\/#organization\",\"name\":\"Le jardin exotique\",\"url\":\"https:\\\/\\\/lejardinexotique.fr\\\/\",\"logo\":{\"@type\":\"ImageObject\",\"inLanguage\":\"fr-FR\",\"@id\":\"https:\\\/\\\/lejardinexotique.fr\\\/#\\\/schema\\\/logo\\\/image\\\/\",\"url\":\"https:\\\/\\\/lejardinexotique.fr\\\/wp-content\\\/uploads\\\/2022\\\/01\\\/vue-jardin-les-singes-384x512-2.jpg\",\"contentUrl\":\"https:\\\/\\\/lejardinexotique.fr\\\/wp-content\\\/uploads\\\/2022\\\/01\\\/vue-jardin-les-singes-384x512-2.jpg\",\"width\":800,\"height\":1500,\"caption\":\"Le jardin exotique\"},\"image\":{\"@id\":\"https:\\\/\\\/lejardinexotique.fr\\\/#\\\/schema\\\/logo\\\/image\\\/\"},\"sameAs\":[\"https:\\\/\\\/www.facebook.com\\\/eric.just.5\"]},{\"@type\":\"Person\",\"@id\":\"https:\\\/\\\/lejardinexotique.fr\\\/#\\\/schema\\\/person\\\/b5e8b164e53553d3c07e148b7fd20f64\",\"name\":\"bonnet.christiane38\",\"image\":{\"@type\":\"ImageObject\",\"inLanguage\":\"fr-FR\",\"@id\":\"https:\\\/\\\/secure.gravatar.com\\\/avatar\\\/4a9bee6445cb189ad489897b076a9b06b931609603452409756c2ff1135d061e?s=96&d=mm&r=g\",\"url\":\"https:\\\/\\\/secure.gravatar.com\\\/avatar\\\/4a9bee6445cb189ad489897b076a9b06b931609603452409756c2ff1135d061e?s=96&d=mm&r=g\",\"contentUrl\":\"https:\\\/\\\/secure.gravatar.com\\\/avatar\\\/4a9bee6445cb189ad489897b076a9b06b931609603452409756c2ff1135d061e?s=96&d=mm&r=g\",\"caption\":\"bonnet.christiane38\"},\"sameAs\":[\"http:\\\/\\\/lejardinexotique.fr\"],\"url\":\"https:\\\/\\\/lejardinexotique.fr\\\/index.php\\\/author\\\/bonnet-christiane38\\\/\"}]}<\/script>\n<!-- \/ Yoast SEO plugin. -->","yoast_head_json":{"title":"L'automne arrive - Le jardin exotique","robots":{"index":"index","follow":"follow","max-snippet":"max-snippet:-1","max-image-preview":"max-image-preview:large","max-video-preview":"max-video-preview:-1"},"canonical":"https:\/\/lejardinexotique.fr\/index.php\/2022\/10\/02\/lautomne-arrive\/","og_locale":"fr_FR","og_type":"article","og_title":"L'automne arrive - Le jardin exotique","og_description":"L&rsquo;\u00e9t\u00e9 2022 restera marqu\u00e9 par une chaleur hors norme tant dans la dur\u00e9e que dans l&rsquo;intensit\u00e9. Nous avions r\u00e9parer la citerne d&rsquo;eau au printemps et nos efforts ont \u00e9t\u00e9 largement r\u00e9compens\u00e9s . Les 88 m3 d&rsquo;eau de pluie ont \u00e9t\u00e9 tres utiles pour permettent \u00e0 nos plantes de passer cette \u00e9tape. Et l&rsquo;humidit\u00e9 et la [&hellip;]","og_url":"https:\/\/lejardinexotique.fr\/index.php\/2022\/10\/02\/lautomne-arrive\/","og_site_name":"Le jardin exotique","article_publisher":"https:\/\/www.facebook.com\/eric.just.5","article_published_time":"2022-10-02T14:55:14+00:00","article_modified_time":"2022-10-02T14:55:15+00:00","og_image":[{"url":"https:\/\/lejardinexotique.fr\/wp-content\/uploads\/2022\/10\/309143470_6086181578060028_7472532993927714817_n.jpg","type":"","width":"","height":""}],"author":"bonnet.christiane38","twitter_card":"summary_large_image","twitter_misc":{"\u00c9crit par":"bonnet.christiane38"},"schema":{"@context":"https:\/\/schema.org","@graph":[{"@type":"Article","@id":"https:\/\/lejardinexotique.fr\/index.php\/2022\/10\/02\/lautomne-arrive\/#article","isPartOf":{"@id":"https:\/\/lejardinexotique.fr\/index.php\/2022\/10\/02\/lautomne-arrive\/"},"author":{"name":"bonnet.christiane38","@id":"https:\/\/lejardinexotique.fr\/#\/schema\/person\/b5e8b164e53553d3c07e148b7fd20f64"},"headline":"L&rsquo;automne arrive","datePublished":"2022-10-02T14:55:14+00:00","dateModified":"2022-10-02T14:55:15+00:00","mainEntityOfPage":{"@id":"https:\/\/lejardinexotique.fr\/index.php\/2022\/10\/02\/lautomne-arrive\/"},"wordCount":95,"commentCount":0,"publisher":{"@id":"https:\/\/lejardinexotique.fr\/#organization"},"image":{"@id":"https:\/\/lejardinexotique.fr\/index.php\/2022\/10\/02\/lautomne-arrive\/#primaryimage"},"thumbnailUrl":"https:\/\/lejardinexotique.fr\/wp-content\/uploads\/2022\/10\/309143470_6086181578060028_7472532993927714817_n.jpg","inLanguage":"fr-FR","potentialAction":[{"@type":"CommentAction","name":"Comment","target":["https:\/\/lejardinexotique.fr\/index.php\/2022\/10\/02\/lautomne-arrive\/#respond"]}]},{"@type":"WebPage","@id":"https:\/\/lejardinexotique.fr\/index.php\/2022\/10\/02\/lautomne-arrive\/","url":"https:\/\/lejardinexotique.fr\/index.php\/2022\/10\/02\/lautomne-arrive\/","name":"L'automne arrive - Le jardin exotique","isPartOf":{"@id":"https:\/\/lejardinexotique.fr\/#website"},"primaryImageOfPage":{"@id":"https:\/\/lejardinexotique.fr\/index.php\/2022\/10\/02\/lautomne-arrive\/#primaryimage"},"image":{"@id":"https:\/\/lejardinexotique.fr\/index.php\/2022\/10\/02\/lautomne-arrive\/#primaryimage"},"thumbnailUrl":"https:\/\/lejardinexotique.fr\/wp-content\/uploads\/2022\/10\/309143470_6086181578060028_7472532993927714817_n.jpg","datePublished":"2022-10-02T14:55:14+00:00","dateModified":"2022-10-02T14:55:15+00:00","breadcrumb":{"@id":"https:\/\/lejardinexotique.fr\/index.php\/2022\/10\/02\/lautomne-arrive\/#breadcrumb"},"inLanguage":"fr-FR","potentialAction":[{"@type":"ReadAction","target":["https:\/\/lejardinexotique.fr\/index.php\/2022\/10\/02\/lautomne-arrive\/"]}]},{"@type":"ImageObject","inLanguage":"fr-FR","@id":"https:\/\/lejardinexotique.fr\/index.php\/2022\/10\/02\/lautomne-arrive\/#primaryimage","url":"https:\/\/lejardinexotique.fr\/wp-content\/uploads\/2022\/10\/309143470_6086181578060028_7472532993927714817_n.jpg","contentUrl":"https:\/\/lejardinexotique.fr\/wp-content\/uploads\/2022\/10\/309143470_6086181578060028_7472532993927714817_n.jpg","width":450,"height":600},{"@type":"BreadcrumbList","@id":"https:\/\/lejardinexotique.fr\/index.php\/2022\/10\/02\/lautomne-arrive\/#breadcrumb","itemListElement":[{"@type":"ListItem","position":1,"name":"Accueil","item":"https:\/\/lejardinexotique.fr\/"},{"@type":"ListItem","position":2,"name":"L&rsquo;automne arrive"}]},{"@type":"WebSite","@id":"https:\/\/lejardinexotique.fr\/#website","url":"https:\/\/lejardinexotique.fr\/","name":"Le jardin exotique","description":"Le jardin du Sud Gresivaudan","publisher":{"@id":"https:\/\/lejardinexotique.fr\/#organization"},"potentialAction":[{"@type":"SearchAction","target":{"@type":"EntryPoint","urlTemplate":"https:\/\/lejardinexotique.fr\/?s={search_term_string}"},"query-input":{"@type":"PropertyValueSpecification","valueRequired":true,"valueName":"search_term_string"}}],"inLanguage":"fr-FR"},{"@type":"Organization","@id":"https:\/\/lejardinexotique.fr\/#organization","name":"Le jardin exotique","url":"https:\/\/lejardinexotique.fr\/","logo":{"@type":"ImageObject","inLanguage":"fr-FR","@id":"https:\/\/lejardinexotique.fr\/#\/schema\/logo\/image\/","url":"https:\/\/lejardinexotique.fr\/wp-content\/uploads\/2022\/01\/vue-jardin-les-singes-384x512-2.jpg","contentUrl":"https:\/\/lejardinexotique.fr\/wp-content\/uploads\/2022\/01\/vue-jardin-les-singes-384x512-2.jpg","width":800,"height":1500,"caption":"Le jardin exotique"},"image":{"@id":"https:\/\/lejardinexotique.fr\/#\/schema\/logo\/image\/"},"sameAs":["https:\/\/www.facebook.com\/eric.just.5"]},{"@type":"Person","@id":"https:\/\/lejardinexotique.fr\/#\/schema\/person\/b5e8b164e53553d3c07e148b7fd20f64","name":"bonnet.christiane38","image":{"@type":"ImageObject","inLanguage":"fr-FR","@id":"https:\/\/secure.gravatar.com\/avatar\/4a9bee6445cb189ad489897b076a9b06b931609603452409756c2ff1135d061e?s=96&d=mm&r=g","url":"https:\/\/secure.gravatar.com\/avatar\/4a9bee6445cb189ad489897b076a9b06b931609603452409756c2ff1135d061e?s=96&d=mm&r=g","contentUrl":"https:\/\/secure.gravatar.com\/avatar\/4a9bee6445cb189ad489897b076a9b06b931609603452409756c2ff1135d061e?s=96&d=mm&r=g","caption":"bonnet.christiane38"},"sameAs":["http:\/\/lejardinexotique.fr"],"url":"https:\/\/lejardinexotique.fr\/index.php\/author\/bonnet-christiane38\/"}]}},"_links":{"self":[{"href":"https:\/\/lejardinexotique.fr\/index.php\/wp-json\/wp\/v2\/posts\/577","targetHints":{"allow":["GET"]}}],"collection":[{"href":"https:\/\/lejardinexotique.fr\/index.php\/wp-json\/wp\/v2\/posts"}],"about":[{"href":"https:\/\/lejardinexotique.fr\/index.php\/wp-json\/wp\/v2\/types\/post"}],"author":[{"embeddable":true,"href":"https:\/\/lejardinexotique.fr\/index.php\/wp-json\/wp\/v2\/users\/1"}],"replies":[{"embeddable":true,"href":"https:\/\/lejardinexotique.fr\/index.php\/wp-json\/wp\/v2\/comments?post=577"}],"version-history":[{"count":1,"href":"https:\/\/lejardinexotique.fr\/index.php\/wp-json\/wp\/v2\/posts\/577\/revisions"}],"predecessor-version":[{"id":584,"href":"https:\/\/lejardinexotique.fr\/index.php\/wp-json\/wp\/v2\/posts\/577\/revisions\/584"}],"wp:attachment":[{"href":"https:\/\/lejardinexotique.fr\/index.php\/wp-json\/wp\/v2\/media?parent=577"}],"wp:term":[{"taxonomy":"category","embeddable":true,"href":"https:\/\/lejardinexotique.fr\/index.php\/wp-json\/wp\/v2\/categories?post=577"},{"taxonomy":"post_tag","embeddable":true,"href":"https:\/\/lejardinexotique.fr\/index.php\/wp-json\/wp\/v2\/tags?post=577"}],"curies":[{"name":"wp","href":"https:\/\/api.w.org\/{rel}","templated":true}]}}